{"id":684,"date":"2014-06-28T18:50:54","date_gmt":"2014-06-28T18:50:54","guid":{"rendered":""},"modified":"-0001-11-30T00:00:00","modified_gmt":"-0001-11-30T00:00:00","slug":"nem-jogosult-a-kehi-a-norveg-civil-tamogatasi-alap-vizsgalatara","status":"publish","type":"post","link":"https:\/\/autonomia.hu\/hu\/nem-jogosult-a-kehi-a-norveg-civil-tamogatasi-alap-vizsgalatara\/","title":{"rendered":"Nem jogosult a KEHI a Norv\u00e9g Civil T\u00e1mogat\u00e1si Alap vizsg\u00e1lat\u00e1ra"},"content":{"rendered":"<div>\n<div>\n<div>\n<p>Az EGT\/Norv\u00e9g Alapok kezel\u00e9s\u00e9t koordin\u00e1l\u00f3 \u00e9s fel\u00fcgyel\u0151 br\u00fcsszeli Finansz\u00edroz\u00e1si Mechanizmus Iroda (FMO) igazgat\u00f3ja szerd\u00e1n levelet int\u00e9zett L\u00e1z\u00e1r J\u00e1noshoz, reag\u00e1lva az \u00e1llamtitk\u00e1r azon m\u00falt heti kijelent\u00e9s\u00e9re, mely szerint felk\u00e9ri a Korm\u00e1nyzati Ellen\u0151rz\u00e9si Hivatalt az alapok vizsg\u00e1lat\u00e1ra.<\/p>\n<p>Az FMO igazgat\u00f3ja hat\u00e1rozottan lesz\u00f6gezi, hogy az EGT\/Norv\u00e9g Alap m\u0171k\u00f6d\u00e9s\u00e9t szab\u00e1lyoz\u00f3, a t\u00e1mogat\u00f3 orsz\u00e1gok \u00e9s Magyarorsz\u00e1g \u00e1ltal al\u00e1\u00edrt egy\u00fcttm\u0171k\u00f6d\u00e9si meg\u00e1llapod\u00e1s \u00e9s a kapcsol\u00f3d\u00f3 szab\u00e1lyzatok \u00e9rtelm\u00e9ben <em><strong>a magyar korm\u00e1ny szerveinek nincsen ellen\u0151rz\u00e9si joga a EGT\/Norv\u00e9g Civil T\u00e1mogat\u00e1si Alap (NCTA) felett. <\/strong><\/em>Ez\u00e9rt a program\u00e9rt ugyanis k\u00f6zvetlen\u00fcl az FMO felel\u0151s (elt\u00e9r\u0151en az EGT\/Norv\u00e9g Alapok t\u00e1mogat\u00e1sainak t\u00f6bbs\u00e9g\u00e9t\u0151l), \u00e9s a vonatkoz\u00f3 szab\u00e1lyoz\u00e1s szerint ilyen esetekben a <em><strong>&bdquo;t\u00e1mogatott orsz\u00e1g nem v\u00e1llal sem p\u00e9nz\u00fcgyi, sem egy\u00e9b felel\u0151ss\u00e9get a program lebonyol\u00edt\u00e1s\u00e1\u00e9rt&rdquo;. <\/strong><\/em>Az FMO &ndash; a t\u00e1mogat\u00f3k \u00e1ltal j\u00f3v\u00e1hagyott munkaprogram ment\u00e9n &ndash; ny\u00edlt p\u00e1ly\u00e1zati kiv\u00e1laszt\u00e1s \u00fatj\u00e1n b\u00edzta meg az \u00d6kot\u00e1rs Alap\u00edtv\u00e1ny vezette konzorciumot az NCTA lebonyol\u00edt\u00e1s\u00e1val. Az NCTA forr\u00e1sait teljes eg\u00e9sz\u00e9ben a Norv\u00e9gia, Izland \u00e9s Liechtenstein biztos\u00edtja, magyar k\u00f6lts\u00e9gvet\u00e9si forr\u00e1s az alapban m\u00e9g k\u00f6zvetetten sincsen. Mindennek megfelel\u0151en, az \u00d6kot\u00e1rs munk\u00e1j\u00e1nak ellen\u0151rz\u00e9s\u00e9re \u00e9s vizsg\u00e1lat\u00e1ra is az FMO illetve az \u00e1ltala megb\u00edzott k\u00fcls\u0151 szervezetek jogosultak.&nbsp;<\/p>\n<p><em>&bdquo;Az \u00d6kot\u00e1rs rendszeres szakmai \u00e9s p\u00e9nz\u00fcgyi besz\u00e1mol\u00f3kat k\u00fcld az FMO-nak, amelyeket eddig mindig megfelel\u0151nek tal\u00e1ltak \u00e9s elfogadtak. S\u0151t most kezd\u0151d\u00f6tt meg az NCTA f\u00e9lidei, k\u00fcls\u0151 megb\u00edzott \u00e1ltal v\u00e9gzett \u00e9rt\u00e9kel\u00e9se. Tov\u00e1bb\u00e1 folyamatban van az NCTA rendszerszint\u0171 audit\u00e1l\u00e1s\u00e1nak el\u0151k\u00e9sz\u00edt\u00e9se is, amire v\u00e1rhat\u00f3an az \u00e9v v\u00e9ge fel\u00e9 ker\u00fcl sor.&rdquo; <\/em>&ndash; mondta M\u00f3ra Veronika, az \u00d6kot\u00e1rs Alap\u00edtv\u00e1ny igazgat\u00f3ja.<\/p>\n<p>Noha a Minisztereln\u00f6ks\u00e9get vezet\u0151 \u00e1llamtitk\u00e1r sajt\u00f3beli bejelent\u00e9se a vizsg\u00e1latr\u00f3l m\u00e9g m\u00e1jus 21-\u00e9n t\u00f6rt\u00e9nt, az \u00d6kot\u00e1rs Alap\u00edtv\u00e1ny csak h\u00e9tf\u0151n, azaz m\u00e1jus 26-\u00e1n kapott hivatalos megkeres\u00e9st a KEHI r\u00e9sz\u00e9r\u0151l. &bdquo;<em>Nincs takargatnival\u00f3nk, egy\u00fcttm\u0171k\u00f6d\u00fcnk minden arra feljogos\u00edtott ellen\u0151rz\u0151 szervvel, ugyanakkor a jogalap n\u00e9lk\u00fcli, tiszt\u00e1zatlan c\u00e9l\u00fa vizsg\u00e1l\u00f3d\u00e1sokat sokkal ink\u00e1bb zaklat\u00e1snak, mintsem az \u00e1tl\u00e1that\u00f3s\u00e1g biztos\u00edt\u00e1s\u00e1ra ir\u00e1nyul\u00f3 tev\u00e9kenys\u00e9gnek tartjuk.&rdquo;<\/em> &ndash; tette hozz\u00e1 M\u00f3ra Veronika.<\/p>\n<p><strong>B\u0151vebb inform\u00e1ci\u00f3: M\u00f3ra Veronika. 20\/480-4328, move@okotars.hu<\/strong><\/p>\n<\/div>\n<\/div>\n<\/div>\n","protected":false},"excerpt":{"rendered":"<p>Az EGT\/Norv\u00e9g Alapok kezel\u00e9s\u00e9t koordin\u00e1l\u00f3 \u00e9s fel\u00fcgyel\u0151 br\u00fcsszeli Finansz\u00edroz\u00e1si Mechanizmus Iroda (FMO) igazgat\u00f3ja szerd\u00e1n levelet int\u00e9zett L\u00e1z\u00e1r J\u00e1noshoz, reag\u00e1lva az \u00e1llamtitk\u00e1r azon m\u00falt heti kijelent\u00e9s\u00e9re, mely szerint felk\u00e9ri a Korm\u00e1nyzati Ellen\u0151rz\u00e9si Hivatalt az alapok vizsg\u00e1lat\u00e1ra. Az FMO igazgat\u00f3ja hat\u00e1rozottan lesz\u00f6gezi, hogy az EGT\/Norv\u00e9g Alap m\u0171k\u00f6d\u00e9s\u00e9t szab\u00e1lyoz\u00f3, a t\u00e1mogat\u00f3 orsz\u00e1gok \u00e9s Magyarorsz\u00e1g \u00e1ltal al\u00e1\u00edrt egy\u00fcttm\u0171k\u00f6d\u00e9si meg\u00e1llapod\u00e1s [&hellip;]<\/p>\n","protected":false},"author":1,"featured_media":0,"comment_status":"closed","ping_status":"closed","sticky":false,"template":"","format":"standard","meta":{"footnotes":""},"categories":[],"tags":[],"_links":{"self":[{"href":"https:\/\/autonomia.hu\/hu\/wp-json\/wp\/v2\/posts\/684"}],"collection":[{"href":"https:\/\/autonomia.hu\/hu\/wp-json\/wp\/v2\/posts"}],"about":[{"href":"https:\/\/autonomia.hu\/hu\/wp-json\/wp\/v2\/types\/post"}],"author":[{"embeddable":true,"href":"https:\/\/autonomia.hu\/hu\/wp-json\/wp\/v2\/users\/1"}],"replies":[{"embeddable":true,"href":"https:\/\/autonomia.hu\/hu\/wp-json\/wp\/v2\/comments?post=684"}],"version-history":[{"count":0,"href":"https:\/\/autonomia.hu\/hu\/wp-json\/wp\/v2\/posts\/684\/revisions"}],"wp:attachment":[{"href":"https:\/\/autonomia.hu\/hu\/wp-json\/wp\/v2\/media?parent=684"}],"wp:term":[{"taxonomy":"category","embeddable":true,"href":"https:\/\/autonomia.hu\/hu\/wp-json\/wp\/v2\/categories?post=684"},{"taxonomy":"post_tag","embeddable":true,"href":"https:\/\/autonomia.hu\/hu\/wp-json\/wp\/v2\/tags?post=684"}],"curies":[{"name":"wp","href":"https:\/\/api.w.org\/{rel}","templated":true}]}}