{"id":586,"date":"2014-02-12T00:00:00","date_gmt":"2014-02-12T00:00:00","guid":{"rendered":""},"modified":"-0001-11-30T00:00:00","modified_gmt":"-0001-11-30T00:00:00","slug":"palyazati-felhivas-eu-forrasokkal-a-romak-integraciojaert-2014-2015","status":"publish","type":"post","link":"https:\/\/autonomia.hu\/hu\/palyazati-felhivas-eu-forrasokkal-a-romak-integraciojaert-2014-2015\/","title":{"rendered":"P\u00e1ly\u00e1zati felh\u00edv\u00e1s &#8211; EU forr\u00e1sokkal a rom\u00e1k integr\u00e1ci\u00f3j\u00e1\u00e9rt 2014-2015"},"content":{"rendered":"<p>Az Auton\u00f3mia Alap\u00edtv\u00e1ny \u00f6t\u00f6dik \u00e9ve bonyol\u00edtja &bdquo;EU forr\u00e1sokkal a rom\u00e1k integr\u00e1ci\u00f3j\u00e1\u00e9rt&rdquo; programj\u00e1t, melynek c\u00e9lja, hogy uni\u00f3s forr\u00e1sokb\u00f3l val\u00f3di, eredm\u00e9nyekhez vezet\u0151 helyi roma integr\u00e1ci\u00f3s programok val\u00f3suljanak meg. Ennek keret\u00e9ben seg\u00edtj\u00fck projektek tervez\u00e9s\u00e9t, k\u00e9pz\u00e9seket, tanulm\u00e1nyutakat, m\u0171helyeket szervez\u00fcnk, kis\u00f6sszeg\u0171 t\u00e1mogat\u00e1sokat ny\u00fajtunk.<\/p>\n<p style=\"text-align:justify\">&nbsp;Az elm\u00falt \u00e9vek tapasztalatai arr\u00f3l gy\u0151ztek meg benn\u00fcnket, hogy akkor eredm\u00e9nyes egy helyi \u00f6tlet kidolgoz\u00e1sa, megval\u00f3s\u00edt\u00e1sa, ha a helyben \u00e9l\u0151 rom\u00e1k a kezdetekt\u0151l r\u00e9szt vesznek a folyamatban. 2014-2015 k\u00f6z\u00f6tt hat szervezetet v\u00e1lasztunk ki, amelyekkel intenz\u00edven dolgozunk m\u00e1sf\u00e9l \u00e9vig \u00e9s kapacit\u00e1sukat egy-egy roma koordin\u00e1tor alkalmaz\u00e1s\u00e1val is meger\u0151s\u00edtj\u00fck.&nbsp;<\/p>\n<p style=\"text-align:justify\"><strong>&nbsp;<\/strong>Alap\u00edtv\u00e1nyunk olyan, a roma integr\u00e1ci\u00f3 ter\u00fclet\u00e9n elk\u00f6telezett \u00f6nkorm\u00e1nyzatokat \u00e9s civil szervezeteket keres, amelyek szeretn\u00e9nek hat\u00e9kony, val\u00f3di v\u00e1ltoz\u00e1st eredm\u00e9nyez\u0151, a rom\u00e1k integr\u00e1ci\u00f3j\u00e1t el\u0151seg\u00edt\u0151 helyi kezdem\u00e9nyez\u00e9seket megval\u00f3s\u00edtani.<\/p>\n<p style=\"text-align:justify\">Az Alap\u00edtv\u00e1ny meggy\u0151z\u0151d\u00e9se szerint a roma integr\u00e1ci\u00f3 egy olyan t\u00f6bbszerepl\u0151s&nbsp;t\u00e1rsadalmi folyamat, mely el\u0151seg\u00edti, hogy a cig\u00e1nys\u00e1g t\u00e1rsadalmi kirekesztetts\u00e9ge cs\u00f6kkenjen. Az integr\u00e1ci\u00f3 er\u0151s\u00edti a rom\u00e1k es\u00e9lyegyenl\u0151s\u00e9g\u00e9t, m\u00e9lt\u00f3s\u00e1g\u00e1t, lehet\u0151s\u00e9get ad egy\u00fcttm\u0171k\u00f6d\u00e9sekre. Az \u00e1ltalunk t\u00e1mogatott fejleszt\u00e9sek a roma k\u00f6z\u00f6ss\u00e9gek bevon\u00e1s\u00e1val sz\u00fcletnek \u00e9s val\u00f3sulnak meg. C\u00e9ljuk, hogy er\u0151s\u00edts\u00e9k a roma \u00e9s nem roma k\u00f6z\u00f6ss\u00e9gek kapacit\u00e1sait, cs\u00f6kkents\u00e9k a szegreg\u00e1ci\u00f3 \u00e9s a diszkrimin\u00e1ci\u00f3 k\u00fcl\u00f6nb\u00f6z\u0151 megjelen\u00e9si form\u00e1it. <strong>&nbsp;<\/strong><\/p>\n<p style=\"text-align:justify\"><strong><em>A program c\u00e9ljai:<\/em><\/strong><\/p>\n<ul>\n<li>Olyan helyi kezdem\u00e9nyez\u00e9sek t\u00e1mogat\u00e1sa, amelyek a telep\u00fcl\u00e9sen \u00e9l\u0151 rom\u00e1k integr\u00e1ci\u00f3j\u00e1t, a roma \u00e9s nem roma lakoss\u00e1g egy\u00fctt\u00e9l\u00e9s\u00e9t seg\u00edtik el\u0151.<\/li>\n<li>A 2014-ben megny\u00edl\u00f3 eur\u00f3pai uni\u00f3s forr\u00e1sok hat\u00e9kony felhaszn\u00e1l\u00e1s\u00e1nak el\u0151seg\u00edt\u00e9se a kiv\u00e1lasztott szervezetekn\u00e9l, projekt\u00f6tletek, koncepci\u00f3k, fejleszt\u00e9si strat\u00e9gi\u00e1k, majd konkr\u00e9t p\u00e1ly\u00e1zati anyagok kidolgoz\u00e1s\u00e1nak t\u00e1mogat\u00e1sa.<\/li>\n<li>A k\u00e9t\u00e9ves program v\u00e9g\u00e9re szeretn\u00e9nk el\u00e9rni, hogy a t\u00e1mogatott szervezetek meger\u0151s\u00f6djenek, m\u0171k\u00f6d\u00e9s\u00fck hat\u00e1sa (mikro)t\u00e9rs\u00e9gi szintre is kiterjedjen, \u00e9s a projektfejleszt\u00e9sben szerzett tud\u00e1sukat kev\u00e9sb\u00e9 tapasztalt szervezeteknek is tov\u00e1bb tudj\u00e1k adni.<\/li>\n<\/ul>\n<p style=\"text-align:justify\"><strong><em>A program elemei<\/em><\/strong><\/p>\n<p style=\"text-align:justify\">Fenti c\u00e9lok el\u00e9r\u00e9se \u00e9rdek\u00e9ben t\u00f6bb egym\u00e1sra \u00e9p\u00fcl\u0151 elemet tervez\u00fcnk. A programba beker\u00fcl\u0151 szervezetek az al\u00e1bbi szolg\u00e1ltat\u00e1sokban \u00e9s t\u00e1mogat\u00e1sokban r\u00e9szes\u00fclnek:<\/p>\n<p style=\"text-align:justify\"><em>Kapacit\u00e1sfejleszt\u00e9s<\/em><\/p>\n<p style=\"text-align:justify\">&#8211; K\u00e9pz\u00e9seken, tanulm\u00e1nyutakon val\u00f3 r\u00e9szv\u00e9tel lehet\u0151s\u00e9ge a helyi fejleszt\u00e9sekben \u00e9rintett szem\u00e9lyeknek, int\u00e9zm\u00e9nyeknek.<\/p>\n<p style=\"text-align:justify\"><em>Kis \u00f6sszeg\u0171 t\u00e1mogat\u00e1si program<\/em><\/p>\n<p style=\"text-align:justify\">&#8211; Maximum 600 ezer forint m\u00e9rt\u00e9k\u0171 t\u00e1mogat\u00e1s egy k\u00f6z\u00f6sen kidolgozott roma integr\u00e1ci\u00f3t c\u00e9lz\u00f3 kis projektre, melynek els\u0151dleges c\u00e9lja a k\u00f6z\u00f6ss\u00e9gi tervez\u00e9s \u00e9s bevon\u00e1s eszk\u00f6zeinek kipr\u00f3b\u00e1l\u00e1sa.<\/p>\n<p style=\"text-align:justify\"><em>Helyi roma koordin\u00e1tor alkalmaz\u00e1sa <\/em><\/p>\n<p style=\"text-align:justify\">&#8211; A program keret\u00e9ben az Auton\u00f3mia Alap\u00edtv\u00e1ny egy-egy helyi roma koordin\u00e1tor teljes b\u00e9rk\u00f6lts\u00e9g\u00e9t biztos\u00edtja 18 h\u00f3napon \u00e1t (a munk\u00e1ltat\u00f3 az alap\u00edtv\u00e1ny lesz). A koordin\u00e1tor akt\u00edvan r\u00e9szt vesz a helyi roma integr\u00e1ci\u00f3s kezdem\u00e9nyez\u00e9sek tervez\u00e9s\u00e9ben \u00e9s megval\u00f3s\u00edt\u00e1s\u00e1ban. Kiv\u00e1laszt\u00e1s\u00e1ban \u00e9s feladatainak meghat\u00e1roz\u00e1s\u00e1ban az Auton\u00f3mia Alap\u00edtv\u00e1ny \u00e9s a t\u00e1mogatott szervezet (a helyi \u00f6nkorm\u00e1nyzat vagy civil szervezet) k\u00f6z\u00f6sen d\u00f6nt.<\/p>\n<p style=\"text-align:justify\"><em>Projektfejleszt\u00e9s uni\u00f3s \u00e9s m\u00e1s p\u00e1ly\u00e1zati felh\u00edv\u00e1sokra<\/em><\/p>\n<p style=\"text-align:justify\">&#8211; A program r\u00e9sztvev\u0151i sz\u00e1m\u00e1ra az Auton\u00f3mia Alap\u00edtv\u00e1ny p\u00e1ly\u00e1zati projektek<\/p>\n<p style=\"text-align:justify\">kidolgoz\u00e1s\u00e1ban j\u00e1ratos munkat\u00e1rsakat biztos\u00edt, akik szakmai t\u00e1mogat\u00e1st ny\u00fajtanak helyi fejleszt\u00e9sekhez: seg\u00edtik a jelentkez\u0151ket abban, hogy legyen egy alaposan v\u00e9giggondolt, fel\u00e9p\u00edtett \u00e9s megval\u00f3s\u00edthat\u00f3 projektj\u00fck.<\/p>\n<p style=\"text-align:justify\"><em>Szak\u00e9rt\u0151i t\u00e1mogat\u00e1s<\/em><\/p>\n<p style=\"text-align:justify\">&#8211; Szak\u00e9rt\u0151ink rendszeresen l\u00e1togatj\u00e1k a telep\u00fcl\u00e9seket, seg\u00edtik a helyi egy\u00fcttm\u0171k\u00f6d\u00e9sek kialak\u00edt\u00e1s\u00e1t.<\/p>\n<p style=\"text-align:justify\">&#8211; Helyi roma integr\u00e1ci\u00f3s strat\u00e9gi\u00e1k, tervek kidolgoz\u00e1s\u00e1nak koordin\u00e1l\u00e1sa, a roma k\u00f6z\u00f6ss\u00e9g bevon\u00e1sa a tervez\u00e9sbe.<\/p>\n<p style=\"text-align:justify\"><strong><em>P\u00e1ly\u00e1z\u00f3k k\u00f6re<\/em><\/strong><\/p>\n<p style=\"text-align:justify\">A p\u00e1ly\u00e1zatra a roma integr\u00e1ci\u00f3 ter\u00fclet\u00e9n elk\u00f6telezett telep\u00fcl\u00e9si \u00f6nkorm\u00e1nyzatok \u00e9s a roma integr\u00e1ci\u00f3 ter\u00fclet\u00e9n m\u00e1r referenci\u00e1val b\u00edr\u00f3 civil szervezetek jelentkez\u00e9s\u00e9t v\u00e1rjuk.<\/p>\n<p style=\"text-align:justify\">A p\u00e1ly\u00e1z\u00f3kt\u00f3l azt v\u00e1rjuk, hogy partnerk\u00e9nt egy\u00fcttm\u0171k\u00f6djenek alap\u00edtv\u00e1nyunkkal a v\u00e1rt eredm\u00e9nyek el\u00e9r\u00e9s\u00e9nek \u00e9rdek\u00e9ben, integr\u00e1lj\u00e1k munkaszervezet\u00fckbe a k\u00f6z\u00f6sen kiv\u00e1lasztand\u00f3 roma koordin\u00e1tort.<\/p>\n<p style=\"text-align:justify\"><strong><em>V\u00e1rt eredm\u00e9nyek<\/em><\/strong><\/p>\n<p style=\"text-align:justify\">A programban r\u00e9sztvev\u0151 telep\u00fcl\u00e9seken:<\/p>\n<ul>\n<li>felk\u00e9sz\u00fclt roma koordin\u00e1tor seg\u00edti a helyi roma integr\u00e1ci\u00f3s er\u0151fesz\u00edt\u00e9seket;<\/li>\n<li>k\u00f6z\u00f6ss\u00e9gi tervez\u00e9s m\u00f3dszer\u00e9vel, t\u00e9rs\u00e9gi szerepl\u0151k megsz\u00f3l\u00edt\u00e1s\u00e1val \u00e9s bevon\u00e1s\u00e1val egy\u00fcttm\u0171k\u00f6d\u00e9sre \u00e9p\u00fcl\u0151 roma integr\u00e1ci\u00f3s strat\u00e9gia k\u00e9sz\u00fcl;<\/li>\n<li>egy m\u00e1sf\u00e9l \u00e9ves intenz\u00edv fejleszt\u00e9si folyamatban val\u00f3 akt\u00edv r\u00e9szv\u00e9tel, melynek sor\u00e1n roma integr\u00e1ci\u00f3t el\u0151seg\u00edt\u0151 projekttervek k\u00e9sz\u00fclnek a 2014 v\u00e9g\u00e9n, 2015-ben megny\u00edl\u00f3 uni\u00f3s forr\u00e1sok helyi felhaszn\u00e1l\u00e1s\u00e1ra;<\/li>\n<li>a bevont szervezetek fejleszt\u0151 kapacit\u00e1sa n\u0151, a telep\u00fcl\u00e9s\u00e9n t\u00falny\u00falva, m\u00e1s szervezetekn\u00e9l is k\u00e9pesek lesznek projekteket gener\u00e1lni, integr\u00e1ci\u00f3s szeml\u00e9letet form\u00e1lni, szerepl\u0151ket aktiviz\u00e1lni.<\/li>\n<\/ul>\n<p style=\"text-align:justify\"><strong><em>Tervezett menetrend<\/em><\/strong><\/p>\n<table border=\"0\" cellpadding=\"0\" cellspacing=\"0\" class=\"mceItemTable\">\n<tbody>\n<tr>\n<td colspan=\"3\">\n<p><strong>A program 2014. febru\u00e1rj\u00e1t\u00f3l 2015. november\u00e9ig tart<\/strong><\/p>\n<\/td>\n<\/tr>\n<tr>\n<td colspan=\"3\">\n<p>&nbsp;<\/p>\n<\/td>\n<\/tr>\n<tr>\n<td>\n<p>Jelentkez\u00e9s<\/p>\n<\/td>\n<td>\n<p>2014. m\u00e1rcius 10.<\/p>\n<\/td>\n<td>\n<p>&nbsp;<\/p>\n<\/td>\n<\/tr>\n<tr>\n<td>\n<p>Kiv\u00e1laszt\u00e1s<\/p>\n<\/td>\n<td>\n<p>2014. m\u00e1rcius v\u00e9g\u00e9ig<\/p>\n<\/td>\n<td>\n<p>Szem\u00e9lyesen keress\u00fck fel a p\u00e1ly\u00e1z\u00f3kat \u00e9s v\u00e1lasztjuk ki a hat szervezetet<\/p>\n<\/td>\n<\/tr>\n<tr>\n<td>\n<p>Egyeztet\u00e9s, szerz\u0151d\u00e9sk\u00f6t\u00e9s<\/p>\n<\/td>\n<td>\n<p>2014. \u00e1prilis<\/p>\n<\/td>\n<td>\n<p>A helyben tervezett programelemek egyeztet\u00e9se \u00e9s szerz\u0151d\u00e9sk\u00f6t\u00e9s a partners\u00e9gre kiv\u00e1lasztott telep\u00fcl\u00e9sekkel\/szervezetekkel<\/p>\n<\/td>\n<\/tr>\n<tr>\n<td>\n<p>Koordin\u00e1torok k\u00f6z\u00f6s kiv\u00e1laszt\u00e1sa<\/p>\n<\/td>\n<td>\n<p>2014. \u00e1prilis<\/p>\n<\/td>\n<td>\n<p>&nbsp;<\/p>\n<\/td>\n<\/tr>\n<tr>\n<td>\n<p>Koordin\u00e1torok alkalmaz\u00e1sa<\/p>\n<\/td>\n<td>\n<p>2014. m\u00e1jus-2015. okt\u00f3ber<\/p>\n<\/td>\n<td>\n<p>&nbsp;<\/p>\n<\/td>\n<\/tr>\n<tr>\n<td>\n<p>K\u00e9pz\u00e9sek, tanulm\u00e1nyutak<\/p>\n<\/td>\n<td>\n<p>2014. m\u00e1jus-november k\u00f6z\u00f6tt<\/p>\n<\/td>\n<td>\n<p>&nbsp;<\/p>\n<\/td>\n<\/tr>\n<tr>\n<td>\n<p>Kis\u00f6sszeg\u0171 t\u00e1mogat\u00e1si- program fejleszt\u00e9sek<\/p>\n<\/td>\n<td>\n<p>2014. m\u00e1sodik fele<\/p>\n<\/td>\n<td>\n<p>&nbsp;<\/p>\n<\/td>\n<\/tr>\n<tr>\n<td>\n<p>Helyi fejleszt\u00e9sek<\/p>\n<\/td>\n<td>\n<p>2014. m\u00e1sodik fel\u00e9t\u0151l-2015. november\u00e9ig<\/p>\n<\/td>\n<td>\n<p>roma integr\u00e1ci\u00f3s strat\u00e9gi\u00e1k, tervek, projekt\u00f6tletek; az uni\u00f3s forr\u00e1sok megny\u00edl\u00e1s\u00e1val konkr\u00e9t p\u00e1ly\u00e1zati projektek kidolgoz\u00e1sa.<\/p>\n<p>&nbsp;<\/p>\n<\/td>\n<\/tr>\n<\/tbody>\n<\/table>\n<p style=\"text-align:justify\"><strong><em>Hogyan lehet p\u00e1ly\u00e1zatot beadni?<\/em><\/strong><\/p>\n<p style=\"text-align:justify\">P\u00e1ly\u00e1zat beny\u00fajt\u00e1s\u00e1ra kiz\u00e1r\u00f3lag a ki\u00edr\u00e1shoz tartoz\u00f3 <a href=\"http:\/\/autonomia.hu\/sites\/default\/files\/files\/1402\/4113\/adatlap_-_eu_forrasokkal_a_romak_integraciojaert_2014-2015.doc\">adatlapon<\/a>, a <a href=\"mailto:projektfejlesztes@autonomia.hu\">projektfejlesztes@autonomia.hu<\/a> e-mail c\u00edmen van lehet\u0151s\u00e9g.<\/p>\n<p style=\"text-align:justify\"><strong>&nbsp;Jelentkez\u00e9si hat\u00e1rid\u0151: 2014. m\u00e1rcius 10.<\/strong><\/p>\n","protected":false},"excerpt":{"rendered":"<p>Az Auton\u00f3mia Alap\u00edtv\u00e1ny \u00f6t\u00f6dik \u00e9ve bonyol\u00edtja &bdquo;EU forr\u00e1sokkal a rom\u00e1k integr\u00e1ci\u00f3j\u00e1\u00e9rt&rdquo; programj\u00e1t, melynek c\u00e9lja, hogy uni\u00f3s forr\u00e1sokb\u00f3l val\u00f3di, eredm\u00e9nyekhez vezet\u0151 helyi roma integr\u00e1ci\u00f3s programok val\u00f3suljanak meg. Ennek keret\u00e9ben seg\u00edtj\u00fck projektek tervez\u00e9s\u00e9t, k\u00e9pz\u00e9seket, tanulm\u00e1nyutakat, m\u0171helyeket szervez\u00fcnk, kis\u00f6sszeg\u0171 t\u00e1mogat\u00e1sokat ny\u00fajtunk. &nbsp;Az elm\u00falt \u00e9vek tapasztalatai arr\u00f3l gy\u0151ztek meg benn\u00fcnket, hogy akkor eredm\u00e9nyes egy helyi \u00f6tlet kidolgoz\u00e1sa, megval\u00f3s\u00edt\u00e1sa, ha [&hellip;]<\/p>\n","protected":false},"author":23,"featured_media":0,"comment_status":"closed","ping_status":"closed","sticky":false,"template":"","format":"standard","meta":{"footnotes":""},"categories":[],"tags":[],"_links":{"self":[{"href":"https:\/\/autonomia.hu\/hu\/wp-json\/wp\/v2\/posts\/586"}],"collection":[{"href":"https:\/\/autonomia.hu\/hu\/wp-json\/wp\/v2\/posts"}],"about":[{"href":"https:\/\/autonomia.hu\/hu\/wp-json\/wp\/v2\/types\/post"}],"author":[{"embeddable":true,"href":"https:\/\/autonomia.hu\/hu\/wp-json\/wp\/v2\/users\/23"}],"replies":[{"embeddable":true,"href":"https:\/\/autonomia.hu\/hu\/wp-json\/wp\/v2\/comments?post=586"}],"version-history":[{"count":0,"href":"https:\/\/autonomia.hu\/hu\/wp-json\/wp\/v2\/posts\/586\/revisions"}],"wp:attachment":[{"href":"https:\/\/autonomia.hu\/hu\/wp-json\/wp\/v2\/media?parent=586"}],"wp:term":[{"taxonomy":"category","embeddable":true,"href":"https:\/\/autonomia.hu\/hu\/wp-json\/wp\/v2\/categories?post=586"},{"taxonomy":"post_tag","embeddable":true,"href":"https:\/\/autonomia.hu\/hu\/wp-json\/wp\/v2\/tags?post=586"}],"curies":[{"name":"wp","href":"https:\/\/api.w.org\/{rel}","templated":true}]}}