{"id":574,"date":"2013-09-06T00:00:00","date_gmt":"2013-09-06T00:00:00","guid":{"rendered":""},"modified":"-0001-11-30T00:00:00","modified_gmt":"-0001-11-30T00:00:00","slug":"megjelent-az-uj-svajci-magyar-civil-alap-palyazati-felhivas","status":"publish","type":"post","link":"https:\/\/autonomia.hu\/hu\/megjelent-az-uj-svajci-magyar-civil-alap-palyazati-felhivas\/","title":{"rendered":"Megjelent az \u00faj Sv\u00e1jci-Magyar Civil Alap p\u00e1ly\u00e1zati felh\u00edv\u00e1s"},"content":{"rendered":"<div>\n<div>\n<div>\n<div>\n<div>\n<div>\n<div>\n<div>\n<p style=\"text-align:justify\">Az <strong>\u00d6kot\u00e1rs Alap\u00edtv\u00e1ny az Auton\u00f3mia Alap\u00edtv\u00e1nnyal, a Demokratikus Jogok Fejleszt\u00e9s\u00e9\u00e9rt Alap\u00edtv\u00e1nnyal (DemNet) \u00e9s a K\u00e1rp\u00e1tok Alap\u00edtv\u00e1ny-Magyarorsz\u00e1ggal <\/strong>egy\u00fcttm\u0171k\u00f6dve a Sv\u00e1jci-Magyar Egy\u00fcttm\u0171k\u00f6d\u00e9si Program forr\u00e1sainak felhaszn\u00e1l\u00e1s\u00e1val p\u00e1ly\u00e1zatot hirdet civil szervezetek t\u00e1mogat\u00e1s\u00e1ra.<\/p>\n<p style=\"text-align:justify\">A kib\u0151v\u00fclt Eur\u00f3pai Uni\u00f3 gazdas\u00e1gi \u00e9s t\u00e1rsadalmi egyenl\u0151tlens\u00e9geinek cs\u00f6kkent\u00e9s\u00e9re, Sv\u00e1jc p\u00e9nzbeli hozz\u00e1j\u00e1rul\u00e1st ny\u00fajt azoknak az orsz\u00e1goknak, amelyek 2004. m\u00e1jus 1-j\u00e9n csatlakoztak az Uni\u00f3hoz. A program keret\u00e9ben Sv\u00e1jc \u00f6sszesen 130,7 milli\u00f3 sv\u00e1jci frankkal (kb. 31 milli\u00e1rd Ft) t\u00e1mogatja Magyarorsz\u00e1got. Az egy\u00fcttm\u0171k\u00f6d\u00e9si program a k\u00f6vetkez\u0151 ter\u00fcletekre koncentr\u00e1l: az alapinfrastrukt\u00fara \u00e9s a k\u00f6rnyezet, eg\u00e9szs\u00e9g\u00fcgy, a mag\u00e1nszektor \u00f6szt\u00f6nz\u00e9se, kutat\u00e1s, partners\u00e9g \u00e9s civil szervezetek tev\u00e9kenys\u00e9ge a k\u00f6rnyezeti \u00e9s t\u00e1rsadalmi szektorban.<\/p>\n<p style=\"text-align:justify\">Sv\u00e1jc oly m\u00f3don is hozz\u00e1j\u00e1rul az Eur\u00f3pai Uni\u00f3 kib\u0151v\u00edt\u00e9s\u00e9hez, hogy civil szervezetek sz\u00e1m\u00e1ra t\u00e1mogat\u00e1si alapot (<strong>Civil Alap<\/strong>) hozott l\u00e9tre.<\/p>\n<p style=\"text-align:justify\">A <strong>Civil Alap<\/strong> c\u00e9lja a szoci\u00e1lis \u00e9s k\u00f6rnyezetv\u00e9delmi ter\u00fcleten tev\u00e9kenyked\u0151 civil szervezetek meger\u0151s\u00edt\u00e9se, kapacit\u00e1saik n\u00f6vel\u00e9se \u00c9szak-Magyarorsz\u00e1g \u00e9s \u00c9szak-Alf\u00f6ld r\u00e9gi\u00f3kban (N\u00f3gr\u00e1d, Heves, Borsod-Aba\u00faj-Zempl\u00e9n, Szabolcs-Szatm\u00e1r-Bereg, Hajd\u00fa-Bihar vagy J\u00e1sz-Nagykun-Szolnok megye), k\u00e9t t\u00e9mak\u00f6rben:<\/p>\n<p style=\"text-align:justify\">A) Szoci\u00e1lis szolg\u00e1ltat\u00e1sok ny\u00fajt\u00e1sa<br \/>B) K\u00f6rnyezeti kih\u00edv\u00e1sokra adott v\u00e1laszok<\/p>\n<p style=\"text-align:justify\">A <strong>Civil Alapra civil szervezetek<\/strong> p\u00e1ly\u00e1zhatnak, azaz olyan <strong>\u00e9szak-magyarorsz\u00e1gi vagy \u00e9szak-alf\u00f6ldi sz\u00e9khellyel bejegyzett \u00e9s legal\u00e1bb k\u00e9t \u00e9ve m\u0171k\u00f6d\u0151<\/strong>, \u00f6nszervez\u0151d\u0151 \u00e9s \u00f6nkorm\u00e1nyz\u00f3 szervez\u0151d\u00e9sek, amelyek f\u00fcggetlenek az \u00e1llami int\u00e9zm\u00e9nyrendszert\u0151l.<\/p>\n<p style=\"text-align:justify\">A sz\u00e9toszthat\u00f3 forr\u00e1s nagys\u00e1ga ebben a p\u00e1ly\u00e1zati fordul\u00f3ban, a k\u00e9t t\u00e9mak\u00f6rben<strong> 1 170 291 CHF<\/strong>, azaz<strong> 281 782 678 Ft<\/strong>, az al\u00e1bbi megoszt\u00e1sban:<\/p>\n<p style=\"text-align:justify\">A) t\u00e9mak\u00f6r (szoci\u00e1lis szolg\u00e1ltat\u00e1sok): <strong>882 048 CHF<\/strong>, azaz <strong>212 379 451 Ft<\/strong>;<br \/>B) t\u00e9mak\u00f6r (k\u00f6rnyezeti kih\u00edv\u00e1sokra adott v\u00e1laszok): <strong>288 243 CHF<\/strong>, azaz <strong>69<\/strong> <strong>403 227 Ft<\/strong>.<\/p>\n<p style=\"text-align:justify\">A Civil Alapra mindk\u00e9t t\u00e9mak\u00f6rben k\u00e9t kateg\u00f3ri\u00e1ban lehet p\u00e1ly\u00e1zatot beny\u00fajtani:<\/p>\n<ul>\n<li>2000 \u00e9s 9999 CHF (481 560-2 407 560 HUF) nagys\u00e1g\u00fa kisprojektek;<\/li>\n<li>10 000 \u00e9s 49 999 CHF (2 407 800-12 038 760) nagys\u00e1g\u00fa k\u00f6z\u00e9pprojektek.<\/li>\n<\/ul>\n<p style=\"text-align:justify\">A p\u00e1ly\u00e1z\u00f3 szervezetnek a teljes k\u00f6lts\u00e9gvet\u00e9s legal\u00e1bb 10%-\u00e1t kell k\u00e9szp\u00e9nzbeli \u00f6nr\u00e9szk\u00e9nt biztos\u00edtania, mely \u00f6nr\u00e9sz nem sz\u00e1rmazhat \u00e1llami vagy \u00f6nkorm\u00e1nyzati k\u00f6lts\u00e9gvet\u00e9sb\u0151l, kiv\u00e9ve a Nemzeti \u00d6ner\u0151 Alapot. Legfeljebb 12 h\u00f3nap id\u0151tartam\u00fa programokkal lehet p\u00e1ly\u00e1zni.<\/p>\n<p style=\"text-align:justify\">P\u00e1ly\u00e1zni a http:\/\/www.svajcivil.hu \u0171rlapkit\u00f6lt\u0151 programj\u00e1n kereszt\u00fcl lehet, az online p\u00e1ly\u00e1zati adatlap \u00e9s a k\u00f6lts\u00e9gvet\u00e9si t\u00e1bl\u00e1zat kit\u00f6lt\u00e9s\u00e9vel, a szint\u00e9n ott tal\u00e1lhat\u00f3 P\u00e1ly\u00e1zati Felh\u00edv\u00e1s \u00e9s \u00datmutat\u00f3 szerint. Ezen k\u00edv\u00fcl csak partners\u00e9gi sz\u00e1nd\u00e9knyilatkozatot kell beny\u00fajtani (ha van partner). M\u00e1s k\u00f6telez\u0151en beny\u00fajtand\u00f3 dokumentum nincs!<\/p>\n<p style=\"text-align:justify\">K\u00e9rj\u00fck, hogy azok a p\u00e1ly\u00e1z\u00f3k, akik m\u00e1r az el\u0151z\u0151 p\u00e1ly\u00e1zati k\u00f6rben regisztr\u00e1ltak, a megl\u00e9v\u0151 felhaszn\u00e1l\u00f3 nevet\/jelsz\u00f3t haszn\u00e1lj\u00e1k a jelenlegi p\u00e1ly\u00e1zat beny\u00fajt\u00e1s\u00e1hoz is!<\/p>\n<p style=\"text-align:justify\"><strong>A p\u00e1ly\u00e1zatokat 2013. augusztus 30-t\u00f3l 2013. okt\u00f3ber 28-ig este 6 \u00f3r\u00e1ig lehet beny\u00fajtani.<\/strong><\/p>\n<p style=\"text-align:justify\">A lebonyol\u00edt\u00e1st az alap\u00edtv\u00e1ny konzorciumi form\u00e1ban v\u00e9gzi, az al\u00e1bbiak szerint:<\/p>\n<p style=\"text-align:justify\"><strong>\u00d6kot\u00e1rs Alap\u00edtv\u00e1ny<\/strong><br \/>a &quot;B&quot; t\u00e9mak\u00f6r (k\u00f6rnyezeti kih\u00edv\u00e1sokra adott v\u00e1laszok) p\u00e1ly\u00e1zatainak kezel\u00e9se &#8211; a konzorcium vezet\u00e9se \u00e9s koordin\u00e1l\u00e1sa, szerz\u0151d\u00e9sk\u00f6t\u00e9s \u00e9s kifizet\u00e9s<br \/>El\u00e9rhet\u0151s\u00e9gek: tel: (1)411-3505, email: kornyezet@svajcivil.hu<\/p>\n<p style=\"text-align:justify\"><strong>Auton\u00f3mia Alap\u00edtv\u00e1ny<\/strong>&nbsp;<br \/>az &quot;A&quot; t\u00e9mak\u00f6r (szoci\u00e1lis szolg\u00e1ltat\u00e1sok) p\u00e1ly\u00e1zatainak kezel\u00e9se<br \/>El\u00e9rhet\u0151s\u00e9gek: tel: (1)237-6023, email: szocialis@svajcivil.hu<\/p>\n<p style=\"text-align:justify\"><strong>Demokratikus Jogok Fejleszt\u00e9s\u00e9\u00e9rt Alap\u00edtv\u00e1ny (DemNet)<\/strong><br \/>elj\u00e1r\u00e1si szab\u00e1lyok kidolgoz\u00e1sa, p\u00e9nz\u00fcgyi ellen\u0151rz\u00e9s illetve tan\u00e1csad\u00e1s<br \/>El\u00e9rhet\u0151s\u00e9gek: tel: (1)411-0410, email: penzugy@svajcivil.hu<\/p>\n<p style=\"text-align:justify\"><strong>K\u00e1rp\u00e1tok Alap\u00edtv\u00e1ny-Magyarorsz\u00e1g<\/strong><br \/>technikai seg\u00edts\u00e9gny\u00fajt\u00e1s a p\u00e1ly\u00e1z\u00f3knak, helyi iroda m\u0171k\u00f6dtet\u00e9se, helysz\u00edni l\u00e1togat\u00e1sok \u00f6szt\u00f6nd\u00edj alap m\u0171k\u00f6dtet\u00e9se<br \/>El\u00e9rhet\u0151s\u00e9gek: tel:(36)516-750, email: helyiiroda@svajcivil.hu<\/p>\n<\/div>\n<\/div>\n<\/div>\n<\/div>\n<\/div>\n<\/div>\n<\/div>\n<\/div>\n","protected":false},"excerpt":{"rendered":"<p>Az \u00d6kot\u00e1rs Alap\u00edtv\u00e1ny az Auton\u00f3mia Alap\u00edtv\u00e1nnyal, a Demokratikus Jogok Fejleszt\u00e9s\u00e9\u00e9rt Alap\u00edtv\u00e1nnyal (DemNet) \u00e9s a K\u00e1rp\u00e1tok Alap\u00edtv\u00e1ny-Magyarorsz\u00e1ggal egy\u00fcttm\u0171k\u00f6dve a Sv\u00e1jci-Magyar Egy\u00fcttm\u0171k\u00f6d\u00e9si Program forr\u00e1sainak felhaszn\u00e1l\u00e1s\u00e1val p\u00e1ly\u00e1zatot hirdet civil szervezetek t\u00e1mogat\u00e1s\u00e1ra. A kib\u0151v\u00fclt Eur\u00f3pai Uni\u00f3 gazdas\u00e1gi \u00e9s t\u00e1rsadalmi egyenl\u0151tlens\u00e9geinek cs\u00f6kkent\u00e9s\u00e9re, Sv\u00e1jc p\u00e9nzbeli hozz\u00e1j\u00e1rul\u00e1st ny\u00fajt azoknak az orsz\u00e1goknak, amelyek 2004. m\u00e1jus 1-j\u00e9n csatlakoztak az Uni\u00f3hoz. A program keret\u00e9ben Sv\u00e1jc [&hellip;]<\/p>\n","protected":false},"author":23,"featured_media":0,"comment_status":"closed","ping_status":"closed","sticky":false,"template":"","format":"standard","meta":{"footnotes":""},"categories":[],"tags":[],"_links":{"self":[{"href":"https:\/\/autonomia.hu\/hu\/wp-json\/wp\/v2\/posts\/574"}],"collection":[{"href":"https:\/\/autonomia.hu\/hu\/wp-json\/wp\/v2\/posts"}],"about":[{"href":"https:\/\/autonomia.hu\/hu\/wp-json\/wp\/v2\/types\/post"}],"author":[{"embeddable":true,"href":"https:\/\/autonomia.hu\/hu\/wp-json\/wp\/v2\/users\/23"}],"replies":[{"embeddable":true,"href":"https:\/\/autonomia.hu\/hu\/wp-json\/wp\/v2\/comments?post=574"}],"version-history":[{"count":0,"href":"https:\/\/autonomia.hu\/hu\/wp-json\/wp\/v2\/posts\/574\/revisions"}],"wp:attachment":[{"href":"https:\/\/autonomia.hu\/hu\/wp-json\/wp\/v2\/media?parent=574"}],"wp:term":[{"taxonomy":"category","embeddable":true,"href":"https:\/\/autonomia.hu\/hu\/wp-json\/wp\/v2\/categories?post=574"},{"taxonomy":"post_tag","embeddable":true,"href":"https:\/\/autonomia.hu\/hu\/wp-json\/wp\/v2\/tags?post=574"}],"curies":[{"name":"wp","href":"https:\/\/api.w.org\/{rel}","templated":true}]}}