{"id":533,"date":"2012-09-10T00:00:00","date_gmt":"2012-09-10T00:00:00","guid":{"rendered":""},"modified":"-0001-11-30T00:00:00","modified_gmt":"-0001-11-30T00:00:00","slug":"svajci-magyar-civil-es-osztondij-alapok","status":"publish","type":"post","link":"https:\/\/autonomia.hu\/hu\/svajci-magyar-civil-es-osztondij-alapok\/","title":{"rendered":"Sv\u00e1jci-Magyar Civil \u00e9s \u00d6szt\u00f6nd\u00edj Alapok"},"content":{"rendered":"<p style=\"text-align:justify\">Hosszabb el\u0151k\u00e9sz\u00edt\u00e9s ut\u00e1n v\u00e1rhat\u00f3an id\u00e9n szeptember k\u00f6zep\u00e9n fognak megjelenni a Sv\u00e1jci-Magyar Civil \u00e9s \u00d6szt\u00f6nd\u00edj Alapok p\u00e1ly\u00e1zati felh\u00edv\u00e1sai. A programot az \u00d6kot\u00e1rs Alap\u00edtv\u00e1ny \u00e9s partnerei: az Auton\u00f3mia Alap\u00edtv\u00e1ny, a Demokratikus Jogok Fejleszt\u00e9s\u00e9\u00e9rt Alap\u00edtv\u00e1ny (DemNet) \u00e9s a K\u00e1rp\u00e1tok Alap\u00edtv\u00e1ny-Magyarorsz\u00e1g m\u0171k\u00f6dtetik az elk\u00f6vetkez\u0151 h\u00e1rom \u00e9vben. P\u00e1ly\u00e1zatokat elektronikusan a&nbsp;<a href=\"http:\/\/www.svajcivil.hu\/\" target=\"_blank\" rel=\"nofollow\">www.svajcivil.hu<\/a>&nbsp;oldal p\u00e1ly\u00e1zatbead\u00f3 fel\u00fclet\u00e9n lehet majd beadni, a felh\u00edv\u00e1s megjelen\u00e9s\u00e9t\u0151l sz\u00e1m\u00edtott 60 napig. A p\u00e1ly\u00e1zati dokumentumok \u00e9s inform\u00e1ci\u00f3k is itt lesznek megtal\u00e1lhat\u00f3ak, b\u0151vebb t\u00e1j\u00e9koztat\u00e1st a lebonyol\u00edt\u00f3 alap\u00edtv\u00e1nyok el\u00e9rhet\u0151s\u00e9gein lehet k\u00e9rni.<\/p>\n","protected":false},"excerpt":{"rendered":"<p>Hosszabb el\u0151k\u00e9sz\u00edt\u00e9s ut\u00e1n v\u00e1rhat\u00f3an id\u00e9n szeptember k\u00f6zep\u00e9n fognak megjelenni a Sv\u00e1jci-Magyar Civil \u00e9s \u00d6szt\u00f6nd\u00edj Alapok p\u00e1ly\u00e1zati felh\u00edv\u00e1sai. A programot az \u00d6kot\u00e1rs Alap\u00edtv\u00e1ny \u00e9s partnerei: az Auton\u00f3mia Alap\u00edtv\u00e1ny, a Demokratikus Jogok Fejleszt\u00e9s\u00e9\u00e9rt Alap\u00edtv\u00e1ny (DemNet) \u00e9s a K\u00e1rp\u00e1tok Alap\u00edtv\u00e1ny-Magyarorsz\u00e1g m\u0171k\u00f6dtetik az elk\u00f6vetkez\u0151 h\u00e1rom \u00e9vben. P\u00e1ly\u00e1zatokat elektronikusan a&nbsp;www.svajcivil.hu&nbsp;oldal p\u00e1ly\u00e1zatbead\u00f3 fel\u00fclet\u00e9n lehet majd beadni, a felh\u00edv\u00e1s megjelen\u00e9s\u00e9t\u0151l sz\u00e1m\u00edtott 60 [&hellip;]<\/p>\n","protected":false},"author":23,"featured_media":0,"comment_status":"closed","ping_status":"closed","sticky":false,"template":"","format":"standard","meta":{"footnotes":""},"categories":[],"tags":[],"_links":{"self":[{"href":"https:\/\/autonomia.hu\/hu\/wp-json\/wp\/v2\/posts\/533"}],"collection":[{"href":"https:\/\/autonomia.hu\/hu\/wp-json\/wp\/v2\/posts"}],"about":[{"href":"https:\/\/autonomia.hu\/hu\/wp-json\/wp\/v2\/types\/post"}],"author":[{"embeddable":true,"href":"https:\/\/autonomia.hu\/hu\/wp-json\/wp\/v2\/users\/23"}],"replies":[{"embeddable":true,"href":"https:\/\/autonomia.hu\/hu\/wp-json\/wp\/v2\/comments?post=533"}],"version-history":[{"count":0,"href":"https:\/\/autonomia.hu\/hu\/wp-json\/wp\/v2\/posts\/533\/revisions"}],"wp:attachment":[{"href":"https:\/\/autonomia.hu\/hu\/wp-json\/wp\/v2\/media?parent=533"}],"wp:term":[{"taxonomy":"category","embeddable":true,"href":"https:\/\/autonomia.hu\/hu\/wp-json\/wp\/v2\/categories?post=533"},{"taxonomy":"post_tag","embeddable":true,"href":"https:\/\/autonomia.hu\/hu\/wp-json\/wp\/v2\/tags?post=533"}],"curies":[{"name":"wp","href":"https:\/\/api.w.org\/{rel}","templated":true}]}}