{"id":489,"date":"2011-05-30T00:00:00","date_gmt":"2011-05-30T00:00:00","guid":{"rendered":""},"modified":"-0001-11-30T00:00:00","modified_gmt":"-0001-11-30T00:00:00","slug":"uj-fejlesztespolitikai-muhelymunka-sorozatot-inditott-az-autonomia","status":"publish","type":"post","link":"https:\/\/autonomia.hu\/hu\/uj-fejlesztespolitikai-muhelymunka-sorozatot-inditott-az-autonomia\/","title":{"rendered":"\u00daj Fejleszt\u00e9spolitikai m\u0171helymunka-sorozatot ind\u00edtott az Auton\u00f3mia"},"content":{"rendered":"<p style=\"text-align:justify\">Az Alap\u00edtv\u00e1ny az EU forr\u00e1sokkal a rom\u00e1k integr\u00e1ci\u00f3j\u00e1\u00e9rt program keret\u00e9ben szervezett <em>Fejleszt\u00e9spolitikai m\u0171helymunka-sorozatot, melynek <\/em>c\u00e9lja a magyarorsz\u00e1gi cig\u00e1nys\u00e1got \u00e9rint\u0151 konkr\u00e9t, szakmailag megalapozott aj\u00e1nl\u00e1sok kidolgoz\u00e1sa \u00e9s d\u00f6nt\u00e9shoz\u00f3khoz, szakemberekhez eljuttat\u00e1sa.<\/p>\n<p style=\"text-align:justify\">A fejleszt\u00e9spolitikai m\u0171helymunka-sorozat keret\u00e9ben h\u00e1tt\u00e9rtanulm\u00e1nyokat \u00e9s a tal\u00e1lkoz\u00f3kr\u00f3l sz\u00f3l\u00f3 \u00f6sszefoglal\u00f3kat k\u00e9sz\u00edt\u00fcnk, amelyeket itt, a honlapunkon tesz\u00fcnk el\u00e9rhet\u0151v\u00e9.<\/p>\n<p style=\"text-align:justify\">Az esettanulm\u00e1nyok \u00e9s a m\u0171helymunk\u00e1k eredm\u00e9nyei <a href=\"http:\/\/autonomia.hu\/hu\/galeria\/fejlesztespolitikai-muhelymunka\">itt<\/a> olvashat\u00f3ak.<\/p>\n","protected":false},"excerpt":{"rendered":"<p>Az Alap\u00edtv\u00e1ny az EU forr\u00e1sokkal a rom\u00e1k integr\u00e1ci\u00f3j\u00e1\u00e9rt program keret\u00e9ben szervezett Fejleszt\u00e9spolitikai m\u0171helymunka-sorozatot, melynek c\u00e9lja a magyarorsz\u00e1gi cig\u00e1nys\u00e1got \u00e9rint\u0151 konkr\u00e9t, szakmailag megalapozott aj\u00e1nl\u00e1sok kidolgoz\u00e1sa \u00e9s d\u00f6nt\u00e9shoz\u00f3khoz, szakemberekhez eljuttat\u00e1sa. A fejleszt\u00e9spolitikai m\u0171helymunka-sorozat keret\u00e9ben h\u00e1tt\u00e9rtanulm\u00e1nyokat \u00e9s a tal\u00e1lkoz\u00f3kr\u00f3l sz\u00f3l\u00f3 \u00f6sszefoglal\u00f3kat k\u00e9sz\u00edt\u00fcnk, amelyeket itt, a honlapunkon tesz\u00fcnk el\u00e9rhet\u0151v\u00e9. Az esettanulm\u00e1nyok \u00e9s a m\u0171helymunk\u00e1k eredm\u00e9nyei itt olvashat\u00f3ak.<\/p>\n","protected":false},"author":23,"featured_media":0,"comment_status":"closed","ping_status":"closed","sticky":false,"template":"","format":"standard","meta":{"footnotes":""},"categories":[],"tags":[],"_links":{"self":[{"href":"https:\/\/autonomia.hu\/hu\/wp-json\/wp\/v2\/posts\/489"}],"collection":[{"href":"https:\/\/autonomia.hu\/hu\/wp-json\/wp\/v2\/posts"}],"about":[{"href":"https:\/\/autonomia.hu\/hu\/wp-json\/wp\/v2\/types\/post"}],"author":[{"embeddable":true,"href":"https:\/\/autonomia.hu\/hu\/wp-json\/wp\/v2\/users\/23"}],"replies":[{"embeddable":true,"href":"https:\/\/autonomia.hu\/hu\/wp-json\/wp\/v2\/comments?post=489"}],"version-history":[{"count":0,"href":"https:\/\/autonomia.hu\/hu\/wp-json\/wp\/v2\/posts\/489\/revisions"}],"wp:attachment":[{"href":"https:\/\/autonomia.hu\/hu\/wp-json\/wp\/v2\/media?parent=489"}],"wp:term":[{"taxonomy":"category","embeddable":true,"href":"https:\/\/autonomia.hu\/hu\/wp-json\/wp\/v2\/categories?post=489"},{"taxonomy":"post_tag","embeddable":true,"href":"https:\/\/autonomia.hu\/hu\/wp-json\/wp\/v2\/tags?post=489"}],"curies":[{"name":"wp","href":"https:\/\/api.w.org\/{rel}","templated":true}]}}