{"id":696,"date":"2014-04-14T00:00:00","date_gmt":"2014-04-14T00:00:00","guid":{"rendered":""},"modified":"-0001-11-30T00:00:00","modified_gmt":"-0001-11-30T00:00:00","slug":"partatlanul-az-okotars-alapitvany-valasza-a-miniszterelnokseg-allitasaira","status":"publish","type":"post","link":"https:\/\/autonomia.hu\/en\/partatlanul-az-okotars-alapitvany-valasza-a-miniszterelnokseg-allitasaira\/","title":{"rendered":"P\u00e1rtatlanul &#8211; Az \u00d6kot\u00e1rs Alap\u00edtv\u00e1ny v\u00e1lasza a Minisztereln\u00f6ks\u00e9g \u00e1ll\u00edt\u00e1saira"},"content":{"rendered":"<p>A tavaly ny\u00e1ri <a href=\"http:\/\/hetivalasz.hu\/itthon\/soros-nyiss-nekem-tert-67199\/\" target=\"_blank\" rel=\"nofollow\">h\u00edrek<\/a> (reakci\u00f3nkat l\u00e1sd&nbsp;<a href=\"https:\/\/norvegcivilalap.hu\/hu\/node\/4210\" target=\"_blank\" rel=\"nofollow\">itt<\/a>) ut\u00e1n \u00e1prilis 8-\u00e1n \u00fajabb <a href=\"http:\/\/mno.hu\/belfold\/lazar-levelben-tiltakozik-a-kulfoldi-beavatkozas-ellen-1220352\" target=\"_blank\" rel=\"nofollow\">cikk<\/a> jelent meg az NCTA-val kapcsolatban a Magyar Nemzet online-on, amelyet hamarosan m\u00e1s sajt\u00f3org\u00e1numok is \u00e1tvettek. A tud\u00f3s\u00edt\u00e1s szerint L\u00e1z\u00e1r J\u00e1nos Minisztereln\u00f6ks\u00e9get vezet\u0151 \u00e1llamtitk\u00e1r levelet \u00edrt norv\u00e9g koll\u00e9g\u00e1j\u00e1nak, azt kifog\u00e1solva, hogy &quot;a hazai civil t\u00e1rsadalom fejleszt\u00e9s\u00e9re sz\u00e1nt forr\u00e1sokat egy olyan civil szervezet kezelje, amely t\u00f6bb sz\u00e1llal is k\u00f6t\u0151dik egy politikai p\u00e1rthoz; az \u00e1ll\u00e1sfoglal\u00e1s szerint ez a l\u00e9p\u00e9s belpolitikai beavatkoz\u00e1snak is tekinthet\u0151&quot;. Egyben id\u00e9zi a Heti V\u00e1lasz tavalyi cikk\u00e9t, LMP-k\u00f6zelis\u00e9ggel v\u00e1dolva t\u00f6bb, az NCTA lebonyol\u00edt\u00e1s\u00e1ban dolgoz\u00f3 szem\u00e9lyt \u00e9s az \u00d6kot\u00e1rs Alap\u00edtv\u00e1nyt \u00e1ltal\u00e1ban is, ami mellett nem mehet\u00fcnk el sz\u00f3tlanul. <a href=\"https:\/\/norvegcivilalap.hu\/hu\/node\/8050\" target=\"_blank\" rel=\"nofollow\"><strong><em>Tov\u00e1bb<\/em><\/strong><\/a><\/p>\n","protected":false},"excerpt":{"rendered":"<p>A tavaly ny\u00e1ri h\u00edrek (reakci\u00f3nkat l\u00e1sd&nbsp;itt) ut\u00e1n \u00e1prilis 8-\u00e1n \u00fajabb cikk jelent meg az NCTA-val kapcsolatban a Magyar Nemzet online-on, amelyet hamarosan m\u00e1s sajt\u00f3org\u00e1numok is \u00e1tvettek. A tud\u00f3s\u00edt\u00e1s szerint L\u00e1z\u00e1r J\u00e1nos Minisztereln\u00f6ks\u00e9get vezet\u0151 \u00e1llamtitk\u00e1r levelet \u00edrt norv\u00e9g koll\u00e9g\u00e1j\u00e1nak, azt kifog\u00e1solva, hogy &quot;a hazai civil t\u00e1rsadalom fejleszt\u00e9s\u00e9re sz\u00e1nt forr\u00e1sokat egy olyan civil szervezet kezelje, amely t\u00f6bb [&hellip;]<\/p>\n","protected":false},"author":23,"featured_media":0,"comment_status":"closed","ping_status":"closed","sticky":false,"template":"","format":"standard","meta":{"footnotes":""},"categories":[],"tags":[56691,56694,56695,56692,56693],"_links":{"self":[{"href":"https:\/\/autonomia.hu\/en\/wp-json\/wp\/v2\/posts\/696"}],"collection":[{"href":"https:\/\/autonomia.hu\/en\/wp-json\/wp\/v2\/posts"}],"about":[{"href":"https:\/\/autonomia.hu\/en\/wp-json\/wp\/v2\/types\/post"}],"author":[{"embeddable":true,"href":"https:\/\/autonomia.hu\/en\/wp-json\/wp\/v2\/users\/23"}],"replies":[{"embeddable":true,"href":"https:\/\/autonomia.hu\/en\/wp-json\/wp\/v2\/comments?post=696"}],"version-history":[{"count":0,"href":"https:\/\/autonomia.hu\/en\/wp-json\/wp\/v2\/posts\/696\/revisions"}],"wp:attachment":[{"href":"https:\/\/autonomia.hu\/en\/wp-json\/wp\/v2\/media?parent=696"}],"wp:term":[{"taxonomy":"category","embeddable":true,"href":"https:\/\/autonomia.hu\/en\/wp-json\/wp\/v2\/categories?post=696"},{"taxonomy":"post_tag","embeddable":true,"href":"https:\/\/autonomia.hu\/en\/wp-json\/wp\/v2\/tags?post=696"}],"curies":[{"name":"wp","href":"https:\/\/api.w.org\/{rel}","templated":true}]}}