{"id":578,"date":"2013-10-07T00:00:00","date_gmt":"2013-10-07T00:00:00","guid":{"rendered":""},"modified":"-0001-11-30T00:00:00","modified_gmt":"-0001-11-30T00:00:00","slug":"a-tarsadalmi-es-munkaero-piaci-befogadas-dimenzioja-a-2014-20-kozotti-idoszakban","status":"publish","type":"post","link":"https:\/\/autonomia.hu\/en\/a-tarsadalmi-es-munkaero-piaci-befogadas-dimenzioja-a-2014-20-kozotti-idoszakban\/","title":{"rendered":"A t\u00e1rsadalmi \u00e9s munkaer\u0151-piaci befogad\u00e1s dimenzi\u00f3ja a 2014-20 k\u00f6z\u00f6tti id\u0151szakban"},"content":{"rendered":"<p>Tisztelettel megh\u00edvjuk az Auton\u00f3mia Alap\u00edtv\u00e1ny soron k\u00f6vetkez\u0151 rendezv\u00e9ny\u00e9re, melynek<\/p>\n<p><strong><em>Id\u0151pontja:<\/em><\/strong> 2013. okt\u00f3ber 17; 10:00 &ndash; 14:00 \u00f3ra<\/p>\n<p><strong><em>Helysz\u00edne:<\/em><\/strong> &bdquo;Aranyt\u00edz&rdquo; Kult\u00farh\u00e1z &#8211; 1051 Budapest, Arany J\u00e1nos utca 10., 2. emeleti Kod\u00e1ly-Bart\u00f3k terem<\/p>\n<p style=\"text-align:justify\">Magyarorsz\u00e1g Eur\u00f3pai Uni\u00f3s, 2020-ra v\u00e1llalt c\u00e9lkit\u0171z\u00e9sei t\u00f6bbek k\u00f6z\u00f6tt \u00e9rintik a foglalkoztatotts\u00e1gi szint emel\u00e9s\u00e9t, a szeg\u00e9nys\u00e9gben \u00e9s t\u00e1rsadalmi kirekesztetts\u00e9gben \u00e9l\u0151k sz\u00e1m\u00e1nak, valamint a korai iskolaelhagy\u00f3k ar\u00e1ny\u00e1nak cs\u00f6kkent\u00e9s\u00e9t.<\/p>\n<p style=\"text-align:justify\">A 2007-2013 k\u00f6z\u00f6tti programoz\u00e1si id\u0151szak tapasztalatait, valamint a Koh\u00e9zi\u00f3s Politika 2014-2020-ra vonatkoz\u00f3 rendeletjavaslatait figyelembe v\u00e9ve az Eur\u00f3pai Bizotts\u00e1g valamennyi tag\u00e1llam sz\u00e1m\u00e1ra k\u00fcl\u00f6n \u00e1ll\u00e1spontot tett k\u00f6zz\u00e9. Az EU2020 strat\u00e9giai c\u00e9lok el\u00e9r\u00e9se \u00e9rdek\u00e9ben a fejleszt\u00e9spolitik\u00e1nak 11 tematikus c\u00e9lkit\u0171z\u00e9sre kell v\u00e1laszt adnia a programoz\u00e1si dokumentumokban. Magyarorsz\u00e1g eset\u00e9ben a Bizotts\u00e1g \u00e1ll\u00e1spontj\u00e1ban 3 tematikus c\u00e9lkit\u0171z\u00e9s egy t\u00e1mogat\u00e1si priorit\u00e1shoz tartozik: a munkaer\u0151-piaci r\u00e9szv\u00e9tel n\u00f6vel\u00e9se jobb gazdas\u00e1gfejleszt\u00e9si, foglalkoztat\u00e1si, oktat\u00e1si \u00e9s t\u00e1rsadalmi befogad\u00e1ssal kapcsolatos politik\u00e1k r\u00e9v\u00e9n, figyelemmel a ter\u00fcleti k\u00fcl\u00f6nbs\u00e9gekre.<\/p>\n<p style=\"text-align:justify\">A szakmai tan\u00e1cskoz\u00e1son k\u00e9t \u00e1gazati operat\u00edv programon kereszt\u00fcl ker\u00fcl bemutat\u00e1sra, hogy Magyarorsz\u00e1g milyen l\u00e9p\u00e9seket tervez az egym\u00e1ssal \u00f6sszef\u00fcgg\u0151 c\u00e9lok el\u00e9r\u00e9se \u00e9rdek\u00e9ben.<\/p>\n<p style=\"text-align:justify\">A rendezv\u00e9nyre a t\u00e1rsadalmi befogad\u00e1s ter\u00e9n tev\u00e9kenyked\u0151 szerepl\u0151ket v\u00e1rjuk: civil szervezeteket \u00e9s int\u00e9zm\u00e9nyeket, ell\u00e1t\u00e1st ny\u00fajt\u00f3 vagy alternat\u00edv szolg\u00e1ltat\u00e1st biztos\u00edt\u00f3 szervezeteket, akik a foglalkoztat\u00e1s, a szoci\u00e1lis \u00e9s gyermekj\u00f3l\u00e9ti szolg\u00e1ltat\u00e1sok, az oktat\u00e1s, a lakhat\u00e1s vagy az eg\u00e9szs\u00e9g\u00fcgy ter\u00fclet\u00e9n akt\u00edvak.<\/p>\n<p><strong><em>R\u00e9szletes program:<\/em><\/strong><\/p>\n<table border=\"0\" cellpadding=\"0\" cellspacing=\"0\" class=\"mceItemTable\">\n<tbody>\n<tr>\n<td>\n<p>09:30 &ndash; 10:00<\/p>\n<\/td>\n<td>\n<p>Regisztr\u00e1ci\u00f3<\/p>\n<\/td>\n<\/tr>\n<tr>\n<td>\n<p>10:00 &ndash; 11:00<\/p>\n<\/td>\n<td>\n<p>A t\u00e1rsadalmi befogad\u00e1s \u00e9s a foglalkoztat\u00e1s &#8211; foglalkoztathat\u00f3s\u00e1g kapcsolatai a Gazdas\u00e1gfejleszt\u00e9si \u00e9s Innov\u00e1ci\u00f3s Operat\u00edv Programban<\/p>\n<p><em>El\u0151ad\u00f3:<\/em> Danajka No\u00e9mi f\u0151oszt\u00e1lyvezet\u0151, Nemzetgazdas\u00e1gi Miniszt\u00e9rium Foglalkoztat\u00e1si Programok F\u0151oszt\u00e1ly<\/p>\n<\/td>\n<\/tr>\n<tr>\n<td>\n<p>11:00 &ndash; 12:00<\/p>\n<\/td>\n<td>\n<p>A t\u00e1rsadalmi befogad\u00e1s el\u0151mozd\u00edt\u00e1sa \u00e9s a szeg\u00e9nys\u00e9g elleni k\u00fczdelem \u00e9rdek\u00e9ben tervezett int\u00e9zked\u00e9sek az Emberi Er\u0151forr\u00e1s Fejleszt\u00e9si Operat\u00edv Programban<\/p>\n<p><em>El\u0151ad\u00f3: <\/em>Horv\u00e1th Viktor f\u0151oszt\u00e1lyvezet\u0151, Emberi Er\u0151forr\u00e1sok Miniszt\u00e9riuma Strat\u00e9giai Tervez\u00e9si Koordin\u00e1ci\u00f3s F\u0151oszt\u00e1ly<\/p>\n<\/td>\n<\/tr>\n<tr>\n<td>\n<p>12:00 &ndash; 12:30<\/p>\n<\/td>\n<td>\n<p>Szendvicseb\u00e9d<\/p>\n<\/td>\n<\/tr>\n<tr>\n<td>\n<p>12:30 &ndash; 14:00<\/p>\n<\/td>\n<td>\n<p>Hozz\u00e1sz\u00f3l\u00e1sok \u00e9s \u00e9szrev\u00e9telek, k\u00e9rd\u00e9sek \u00e9s v\u00e1laszok<\/p>\n<\/td>\n<\/tr>\n<\/tbody>\n<\/table>\n<p style=\"text-align:justify\">A tan\u00e1cskoz\u00e1son val\u00f3 r\u00e9szv\u00e9tel ingyenes, de regisztr\u00e1ci\u00f3hoz k\u00f6t\u00f6tt. A r\u00e9szv\u00e9teli sz\u00e1nd\u00e9kukat v\u00e1laszlev\u00e9lben k\u00e9rj\u00fck jelezni 2013. okt\u00f3ber 14-ig a <a href=\"mailto:dande@autonomia.hu\">dande@autonomia.hu<\/a> e-mail c\u00edmre. A jelentkez\u0151k r\u00e9sz\u00e9re tov\u00e1bb\u00edtjuk a relev\u00e1ns tervez\u00e9si dokumentumokat.<\/p>\n<p style=\"text-align:justify\">Az akad\u00e1lymentes rendezv\u00e9nyhelysz\u00ednt t\u00f6megk\u00f6zleked\u00e9ssel javasolt megk\u00f6zel\u00edteni (2-es metr\u00f3 Kossuth t\u00e9r vagy 3-as metr\u00f3 Arany J\u00e1nos utca). A k\u00f6zelben meg\u00e1ll\u00f3 15, 16, 105 buszok alacsonypadl\u00f3s j\u00e1rattal is \u00fczemelnek.<\/p>\n<p>&#8212;&#8212;&#8212;&#8212;&#8212;&#8212;&#8212;&#8212;&#8212;&#8212;&#8212;&#8212;&#8212;-<\/p>\n<p><strong>Jelentkez\u00e9s a szakmai tan\u00e1cskoz\u00e1sra<\/strong><\/p>\n<p>Jelentkez\u0151 neve:<\/p>\n<p>Szervezet neve \u00e9s c\u00edme:<\/p>\n","protected":false},"excerpt":{"rendered":"<p>Tisztelettel megh\u00edvjuk az Auton\u00f3mia Alap\u00edtv\u00e1ny soron k\u00f6vetkez\u0151 rendezv\u00e9ny\u00e9re, melynek Id\u0151pontja: 2013. okt\u00f3ber 17; 10:00 &ndash; 14:00 \u00f3ra Helysz\u00edne: &bdquo;Aranyt\u00edz&rdquo; Kult\u00farh\u00e1z &#8211; 1051 Budapest, Arany J\u00e1nos utca 10., 2. emeleti Kod\u00e1ly-Bart\u00f3k terem Magyarorsz\u00e1g Eur\u00f3pai Uni\u00f3s, 2020-ra v\u00e1llalt c\u00e9lkit\u0171z\u00e9sei t\u00f6bbek k\u00f6z\u00f6tt \u00e9rintik a foglalkoztatotts\u00e1gi szint emel\u00e9s\u00e9t, a szeg\u00e9nys\u00e9gben \u00e9s t\u00e1rsadalmi kirekesztetts\u00e9gben \u00e9l\u0151k sz\u00e1m\u00e1nak, valamint a korai iskolaelhagy\u00f3k [&hellip;]<\/p>\n","protected":false},"author":23,"featured_media":0,"comment_status":"closed","ping_status":"closed","sticky":false,"template":"","format":"standard","meta":{"footnotes":""},"categories":[],"tags":[],"_links":{"self":[{"href":"https:\/\/autonomia.hu\/en\/wp-json\/wp\/v2\/posts\/578"}],"collection":[{"href":"https:\/\/autonomia.hu\/en\/wp-json\/wp\/v2\/posts"}],"about":[{"href":"https:\/\/autonomia.hu\/en\/wp-json\/wp\/v2\/types\/post"}],"author":[{"embeddable":true,"href":"https:\/\/autonomia.hu\/en\/wp-json\/wp\/v2\/users\/23"}],"replies":[{"embeddable":true,"href":"https:\/\/autonomia.hu\/en\/wp-json\/wp\/v2\/comments?post=578"}],"version-history":[{"count":0,"href":"https:\/\/autonomia.hu\/en\/wp-json\/wp\/v2\/posts\/578\/revisions"}],"wp:attachment":[{"href":"https:\/\/autonomia.hu\/en\/wp-json\/wp\/v2\/media?parent=578"}],"wp:term":[{"taxonomy":"category","embeddable":true,"href":"https:\/\/autonomia.hu\/en\/wp-json\/wp\/v2\/categories?post=578"},{"taxonomy":"post_tag","embeddable":true,"href":"https:\/\/autonomia.hu\/en\/wp-json\/wp\/v2\/tags?post=578"}],"curies":[{"name":"wp","href":"https:\/\/api.w.org\/{rel}","templated":true}]}}